{"id":13683,"date":"2026-07-06T12:32:00","date_gmt":"2026-07-06T10:32:00","guid":{"rendered":"https:\/\/eloya.be\/?p=13683"},"modified":"2026-07-06T21:27:36","modified_gmt":"2026-07-06T19:27:36","slug":"cout-du-travail-dun-installateur-electricien-artisan","status":"publish","type":"post","link":"https:\/\/eloya.be\/fr\/cout-du-travail-dun-installateur-electricien-artisan\/","title":{"rendered":"Cout du travail d&rsquo;un installateur \u00e9lectricien (artisan)"},"content":{"rendered":"\n<p class=\"wp-block-paragraph\">Bien souvent, le consommateur qui est salari\u00e9 &#8211; (et per\u00e7oit un salaire net de toutes charges sociales et imp\u00f4ts), &#8211; est \u00e9tonn\u00e9 du montant factur\u00e9 par les ind\u00e9pendants et consid\u00e8re ce montant comme trop \u00e9lev\u00e9. Cette r\u00e9action s\u2019explique par l\u2019ignorance des lourdes charges qui p\u00e8sent sur les ind\u00e9pendants qu\u2019ils soient employeurs ou non.<\/p>\n\n<h2 id=\"h-de-berekening-van-het-loon-van-de-zelfstandige-elektricien-die-alleen-werkt-ambachtsman\" class=\"wp-block-heading\"><b>CALCUL DU SALAIRE DE L\u2019ELECTRICIEN INDEPENDANT TRAVAILLANT <\/b><b>SEUL (ARTISAN)<\/b><\/h2>\n\n<p class=\"wp-block-paragraph\">Si l\u2019\u00e9lectricien s\u2019\u00e9tablit comme ind\u00e9pendant, c\u2019est qu\u2019il est capable de travailler de fa\u00e7on autonome et que son niveau de qualification est au moins \u00e9gal \u00e0 celui de l\u2019ouvrier qualifi\u00e9 1\u00e8re cat\u00e9gorie, il lui faut donc obtenir un salaire \u00e9quivalent.<\/p>\n\n<p class=\"wp-block-paragraph\">Obtenir un niveau de salaire au moins \u00e9quivalent \u00e0 l\u2019ouvrier qualifi\u00e9 1\u00e8re cat\u00e9gorie implique que l\u2019ind\u00e9pendant doit pr\u00e9voir que son salaire doit aussi comprendre un treizi\u00e8me mois, un p\u00e9cule et double. p\u00e9cule de vacances, 10 jours f\u00e9ri\u00e9s, etc., qu\u2019il doit constituer des r\u00e9serves au cas o\u00f9 il tomberait malade et pour s\u2019assurer une pension d\u00e9cente et au moins \u00e9quivalente \u00e0 celle du salari\u00e9.<\/p>\n\n<p class=\"wp-block-paragraph\">Ainsi donc, l\u2019\u00e9lectricien ind\u00e9pendant qui travaille seul doit facturer au moins autant que ce qu\u2019il facturerait pour un ouvrier qualifi\u00e9 1\u00e8re cat\u00e9gorie, soit minimum <b>78,26<\/b> EUR de l\u2019heure pour le tarif de travail en r\u00e9gie et <b>109,30 <\/b>EUR de l\u2019heure en cas de d\u00e9pannage urgent.<\/p>\n\n<p class=\"wp-block-paragraph\"><b>Attention, le taux de facturation utilis\u00e9 pour obtenir ces tarifs horaires ne correspond pas <\/b><b>n\u00e9cessairement \u00e0 votre cas particulier mais n\u2019est utilis\u00e9 ici que comme r\u00e9f\u00e9rence de calcul, une <\/b><b>simple estimation.<\/b><\/p>\n\n<p class=\"wp-block-paragraph\">Les ind\u00e9pendants qui bradent syst\u00e9matiquement leur prix et ne prennent pas en consid\u00e9ration le long terme, s\u2019\u00e9puisent physiquement dans un trop grand nombre d\u2019heures de travail mal pay\u00e9es et se retrouvent confront\u00e9s \u00e0 une fin de carri\u00e8re mis\u00e9rable et une vie de famille en lambeaux.<\/p>\n\n<p class=\"wp-block-paragraph\"><b>Travailler en-dessous du prix normal menace la survie de l\u2019entreprise mais signifie \u00e9galement une <\/b><b>concurrence d\u00e9loyale qui menace d\u2019entra\u00eener tout le secteur dans une guerre des prix qui n\u2019est <\/b><b>b\u00e9n\u00e9fique pour personne<\/b> <b>!<\/b><\/p>\n\n<h2 id=\"h-de-b-t-w\" class=\"wp-block-heading\">La T.V.A.<\/h2>\n\n<p class=\"wp-block-paragraph\">La T.V.A. est de <b>6%<\/b> pour les b\u00e2timents de 10 ans et plus et de <b>21%<\/b> pour les nouvelles constructions de moins de 10 ans.<\/p>\n\n<p class=\"wp-block-paragraph\">Il faut souligner que ce taux r\u00e9duit de T.V.A. est fort int\u00e9ressant et stimule les r\u00e9novations pratiqu\u00e9es par des professionnels puisqu&rsquo;il est<b> de 21% lorsque le consommateur fait lui-m\u00eame l\u2019installation.<\/b><\/p>\n\n<p class=\"wp-block-paragraph\"><b>La diff\u00e9rence de taux de T.V.A., ainsi que les garanties de bonne ex\u00e9cution et surtout de s\u00e9curit\u00e9, <\/b><b>justifient amplement l\u2019appel \u00e0 l\u2019\u00e9lectricien professionnel et non \u00e0 un bricoleur qui ne donne au <\/b><b>particulier aucune garantie.<\/b><\/p>\n\n<p class=\"wp-block-paragraph\"><b>Faites-en votre publicit\u00e9 !<\/b><\/p>\n","protected":false},"excerpt":{"rendered":"<p>Bien souvent, le consommateur qui est salari\u00e9 &#8211; (et per\u00e7oit un salaire net de toutes charges sociales et imp\u00f4ts), &#8211; est \u00e9tonn\u00e9 du montant factur\u00e9 par les ind\u00e9pendants et consid\u00e8re ce montant comme trop \u00e9lev\u00e9. Cette r\u00e9action s\u2019explique par l\u2019ignorance des lourdes charges qui p\u00e8sent sur les ind\u00e9pendants qu\u2019ils soient employeurs ou non. CALCUL DU [&hellip;]<\/p>\n","protected":false},"author":43,"featured_media":11893,"comment_status":"open","ping_status":"open","sticky":false,"template":"","format":"standard","meta":{"footnotes":"","_members_access_role":[],"_members_access_error":""},"categories":[166],"tags":[],"class_list":["post-13683","post","type-post","status-publish","format-standard","has-post-thumbnail","hentry","category-indices-et-valeurs"],"_wpml_post_translation_editor_native":null,"yoast_head":"<!-- This site is optimized with the Yoast SEO Premium plugin v26.5 (Yoast SEO v28.4) - https:\/\/yoast.com\/product\/yoast-seo-premium-wordpress\/ -->\n<title>Cout du travail d&#039;un installateur \u00e9lectricien (artisan) - ELOYA<\/title>\n<meta name=\"robots\" content=\"index, follow, max-snippet:-1, max-image-preview:large, max-video-preview:-1\" \/>\n<link rel=\"canonical\" href=\"https:\/\/eloya.be\/fr\/cout-du-travail-dun-installateur-electricien-artisan\/\" \/>\n<meta property=\"og:locale\" content=\"fr_FR\" \/>\n<meta property=\"og:type\" content=\"article\" \/>\n<meta property=\"og:title\" content=\"Cout du travail d&#039;un installateur \u00e9lectricien (artisan)\" \/>\n<meta property=\"og:description\" content=\"Bien souvent, le consommateur qui est salari\u00e9 &#8211; (et per\u00e7oit un salaire net de toutes charges sociales et imp\u00f4ts), &#8211; est \u00e9tonn\u00e9 du montant factur\u00e9 par les ind\u00e9pendants et consid\u00e8re ce montant comme trop \u00e9lev\u00e9. Cette r\u00e9action s\u2019explique par l\u2019ignorance des lourdes charges qui p\u00e8sent sur les ind\u00e9pendants qu\u2019ils soient employeurs ou non. CALCUL DU [&hellip;]\" \/>\n<meta property=\"og:url\" content=\"https:\/\/eloya.be\/fr\/cout-du-travail-dun-installateur-electricien-artisan\/\" \/>\n<meta property=\"og:site_name\" content=\"ELOYA\" \/>\n<meta property=\"article:publisher\" content=\"https:\/\/www.facebook.com\/eloyabelgium\/\" \/>\n<meta property=\"article:published_time\" content=\"2026-07-06T10:32:00+00:00\" \/>\n<meta property=\"article:modified_time\" content=\"2026-07-06T19:27:36+00:00\" \/>\n<meta property=\"og:image\" content=\"https:\/\/eloya.be\/wp-content\/uploads\/2025\/01\/AdobeStock_922078075-Moyenne.jpeg\" \/>\n\t<meta property=\"og:image:width\" content=\"640\" \/>\n\t<meta property=\"og:image:height\" content=\"359\" \/>\n\t<meta property=\"og:image:type\" content=\"image\/jpeg\" \/>\n<meta name=\"author\" content=\"Mouloud Doudou\" \/>\n<meta name=\"twitter:card\" content=\"summary_large_image\" \/>\n<meta name=\"twitter:label1\" content=\"\u00c9crit par\" \/>\n\t<meta name=\"twitter:data1\" content=\"Mouloud Doudou\" \/>\n\t<meta name=\"twitter:label2\" content=\"Dur\u00e9e de lecture estim\u00e9e\" \/>\n\t<meta name=\"twitter:data2\" content=\"3 minutes\" \/>\n<script type=\"application\/ld+json\" class=\"yoast-schema-graph\">{\"@context\":\"https:\\\/\\\/schema.org\",\"@graph\":[{\"@type\":\"Article\",\"@id\":\"https:\\\/\\\/eloya.be\\\/fr\\\/cout-du-travail-dun-installateur-electricien-artisan\\\/#article\",\"isPartOf\":{\"@id\":\"https:\\\/\\\/eloya.be\\\/fr\\\/cout-du-travail-dun-installateur-electricien-artisan\\\/\"},\"author\":{\"name\":\"Mouloud Doudou\",\"@id\":\"https:\\\/\\\/eloya.be\\\/fr\\\/#\\\/schema\\\/person\\\/f5811d9570fe734586c19be3eb6df55c\"},\"headline\":\"Cout du travail d&rsquo;un installateur \u00e9lectricien (artisan)\",\"datePublished\":\"2026-07-06T10:32:00+00:00\",\"dateModified\":\"2026-07-06T19:27:36+00:00\",\"mainEntityOfPage\":{\"@id\":\"https:\\\/\\\/eloya.be\\\/fr\\\/cout-du-travail-dun-installateur-electricien-artisan\\\/\"},\"wordCount\":487,\"commentCount\":0,\"publisher\":{\"@id\":\"https:\\\/\\\/eloya.be\\\/fr\\\/#organization\"},\"image\":{\"@id\":\"https:\\\/\\\/eloya.be\\\/fr\\\/cout-du-travail-dun-installateur-electricien-artisan\\\/#primaryimage\"},\"thumbnailUrl\":\"https:\\\/\\\/eloya.be\\\/wp-content\\\/uploads\\\/2025\\\/01\\\/AdobeStock_922078075-Moyenne.jpeg\",\"articleSection\":[\"Indices et valeurs\"],\"inLanguage\":\"fr-FR\",\"potentialAction\":[{\"@type\":\"CommentAction\",\"name\":\"Comment\",\"target\":[\"https:\\\/\\\/eloya.be\\\/fr\\\/cout-du-travail-dun-installateur-electricien-artisan\\\/#respond\"]}]},{\"@type\":\"WebPage\",\"@id\":\"https:\\\/\\\/eloya.be\\\/fr\\\/cout-du-travail-dun-installateur-electricien-artisan\\\/\",\"url\":\"https:\\\/\\\/eloya.be\\\/fr\\\/cout-du-travail-dun-installateur-electricien-artisan\\\/\",\"name\":\"Cout du travail d'un installateur \u00e9lectricien (artisan) - ELOYA\",\"isPartOf\":{\"@id\":\"https:\\\/\\\/eloya.be\\\/fr\\\/#website\"},\"primaryImageOfPage\":{\"@id\":\"https:\\\/\\\/eloya.be\\\/fr\\\/cout-du-travail-dun-installateur-electricien-artisan\\\/#primaryimage\"},\"image\":{\"@id\":\"https:\\\/\\\/eloya.be\\\/fr\\\/cout-du-travail-dun-installateur-electricien-artisan\\\/#primaryimage\"},\"thumbnailUrl\":\"https:\\\/\\\/eloya.be\\\/wp-content\\\/uploads\\\/2025\\\/01\\\/AdobeStock_922078075-Moyenne.jpeg\",\"datePublished\":\"2026-07-06T10:32:00+00:00\",\"dateModified\":\"2026-07-06T19:27:36+00:00\",\"breadcrumb\":{\"@id\":\"https:\\\/\\\/eloya.be\\\/fr\\\/cout-du-travail-dun-installateur-electricien-artisan\\\/#breadcrumb\"},\"inLanguage\":\"fr-FR\",\"potentialAction\":[{\"@type\":\"ReadAction\",\"target\":[\"https:\\\/\\\/eloya.be\\\/fr\\\/cout-du-travail-dun-installateur-electricien-artisan\\\/\"]}]},{\"@type\":\"ImageObject\",\"inLanguage\":\"fr-FR\",\"@id\":\"https:\\\/\\\/eloya.be\\\/fr\\\/cout-du-travail-dun-installateur-electricien-artisan\\\/#primaryimage\",\"url\":\"https:\\\/\\\/eloya.be\\\/wp-content\\\/uploads\\\/2025\\\/01\\\/AdobeStock_922078075-Moyenne.jpeg\",\"contentUrl\":\"https:\\\/\\\/eloya.be\\\/wp-content\\\/uploads\\\/2025\\\/01\\\/AdobeStock_922078075-Moyenne.jpeg\",\"width\":640,\"height\":359,\"caption\":\"indexation de salaires\"},{\"@type\":\"BreadcrumbList\",\"@id\":\"https:\\\/\\\/eloya.be\\\/fr\\\/cout-du-travail-dun-installateur-electricien-artisan\\\/#breadcrumb\",\"itemListElement\":[{\"@type\":\"ListItem\",\"position\":1,\"name\":\"Home\",\"item\":\"https:\\\/\\\/eloya.be\\\/fr\\\/\"},{\"@type\":\"ListItem\",\"position\":2,\"name\":\"Cout du travail d&#8217;un installateur \u00e9lectricien (artisan)\"}]},{\"@type\":\"WebSite\",\"@id\":\"https:\\\/\\\/eloya.be\\\/fr\\\/#website\",\"url\":\"https:\\\/\\\/eloya.be\\\/fr\\\/\",\"name\":\"ELOYA\",\"description\":\"Unie van Elektriciens\",\"publisher\":{\"@id\":\"https:\\\/\\\/eloya.be\\\/fr\\\/#organization\"},\"potentialAction\":[{\"@type\":\"SearchAction\",\"target\":{\"@type\":\"EntryPoint\",\"urlTemplate\":\"https:\\\/\\\/eloya.be\\\/fr\\\/?s={search_term_string}\"},\"query-input\":{\"@type\":\"PropertyValueSpecification\",\"valueRequired\":true,\"valueName\":\"search_term_string\"}}],\"inLanguage\":\"fr-FR\"},{\"@type\":\"Organization\",\"@id\":\"https:\\\/\\\/eloya.be\\\/fr\\\/#organization\",\"name\":\"ELOYA\",\"url\":\"https:\\\/\\\/eloya.be\\\/fr\\\/\",\"logo\":{\"@type\":\"ImageObject\",\"inLanguage\":\"fr-FR\",\"@id\":\"https:\\\/\\\/eloya.be\\\/fr\\\/#\\\/schema\\\/logo\\\/image\\\/\",\"url\":\"https:\\\/\\\/eloya.be\\\/wp-content\\\/uploads\\\/2023\\\/11\\\/logo-eloya.png\",\"contentUrl\":\"https:\\\/\\\/eloya.be\\\/wp-content\\\/uploads\\\/2023\\\/11\\\/logo-eloya.png\",\"width\":2315,\"height\":837,\"caption\":\"ELOYA\"},\"image\":{\"@id\":\"https:\\\/\\\/eloya.be\\\/fr\\\/#\\\/schema\\\/logo\\\/image\\\/\"},\"sameAs\":[\"https:\\\/\\\/www.facebook.com\\\/eloyabelgium\\\/\",\"https:\\\/\\\/www.instagram.com\\\/eloyabelgium\\\/\",\"https:\\\/\\\/www.linkedin.com\\\/company\\\/eloya-belgium\\\/?originalSubdomain=be\"]},{\"@type\":\"Person\",\"@id\":\"https:\\\/\\\/eloya.be\\\/fr\\\/#\\\/schema\\\/person\\\/f5811d9570fe734586c19be3eb6df55c\",\"name\":\"Mouloud Doudou\",\"image\":{\"@type\":\"ImageObject\",\"inLanguage\":\"fr-FR\",\"@id\":\"https:\\\/\\\/secure.gravatar.com\\\/avatar\\\/4038806b1da21fa075faac0d72a9a62c4622bb8414767db789ab4a1fffe73c19?s=96&d=mm&r=g\",\"url\":\"https:\\\/\\\/secure.gravatar.com\\\/avatar\\\/4038806b1da21fa075faac0d72a9a62c4622bb8414767db789ab4a1fffe73c19?s=96&d=mm&r=g\",\"contentUrl\":\"https:\\\/\\\/secure.gravatar.com\\\/avatar\\\/4038806b1da21fa075faac0d72a9a62c4622bb8414767db789ab4a1fffe73c19?s=96&d=mm&r=g\",\"caption\":\"Mouloud Doudou\"},\"sameAs\":[\"https:\\\/\\\/eloya.be\"]}]}<\/script>\n<!-- \/ Yoast SEO Premium plugin. -->","yoast_head_json":{"title":"Cout du travail d'un installateur \u00e9lectricien (artisan) - ELOYA","robots":{"index":"index","follow":"follow","max-snippet":"max-snippet:-1","max-image-preview":"max-image-preview:large","max-video-preview":"max-video-preview:-1"},"canonical":"https:\/\/eloya.be\/fr\/cout-du-travail-dun-installateur-electricien-artisan\/","og_locale":"fr_FR","og_type":"article","og_title":"Cout du travail d'un installateur \u00e9lectricien (artisan)","og_description":"Bien souvent, le consommateur qui est salari\u00e9 &#8211; (et per\u00e7oit un salaire net de toutes charges sociales et imp\u00f4ts), &#8211; est \u00e9tonn\u00e9 du montant factur\u00e9 par les ind\u00e9pendants et consid\u00e8re ce montant comme trop \u00e9lev\u00e9. Cette r\u00e9action s\u2019explique par l\u2019ignorance des lourdes charges qui p\u00e8sent sur les ind\u00e9pendants qu\u2019ils soient employeurs ou non. CALCUL DU [&hellip;]","og_url":"https:\/\/eloya.be\/fr\/cout-du-travail-dun-installateur-electricien-artisan\/","og_site_name":"ELOYA","article_publisher":"https:\/\/www.facebook.com\/eloyabelgium\/","article_published_time":"2026-07-06T10:32:00+00:00","article_modified_time":"2026-07-06T19:27:36+00:00","og_image":[{"width":640,"height":359,"url":"https:\/\/eloya.be\/wp-content\/uploads\/2025\/01\/AdobeStock_922078075-Moyenne.jpeg","type":"image\/jpeg"}],"author":"Mouloud Doudou","twitter_card":"summary_large_image","twitter_misc":{"\u00c9crit par":"Mouloud Doudou","Dur\u00e9e de lecture estim\u00e9e":"3 minutes"},"schema":{"@context":"https:\/\/schema.org","@graph":[{"@type":"Article","@id":"https:\/\/eloya.be\/fr\/cout-du-travail-dun-installateur-electricien-artisan\/#article","isPartOf":{"@id":"https:\/\/eloya.be\/fr\/cout-du-travail-dun-installateur-electricien-artisan\/"},"author":{"name":"Mouloud Doudou","@id":"https:\/\/eloya.be\/fr\/#\/schema\/person\/f5811d9570fe734586c19be3eb6df55c"},"headline":"Cout du travail d&rsquo;un installateur \u00e9lectricien (artisan)","datePublished":"2026-07-06T10:32:00+00:00","dateModified":"2026-07-06T19:27:36+00:00","mainEntityOfPage":{"@id":"https:\/\/eloya.be\/fr\/cout-du-travail-dun-installateur-electricien-artisan\/"},"wordCount":487,"commentCount":0,"publisher":{"@id":"https:\/\/eloya.be\/fr\/#organization"},"image":{"@id":"https:\/\/eloya.be\/fr\/cout-du-travail-dun-installateur-electricien-artisan\/#primaryimage"},"thumbnailUrl":"https:\/\/eloya.be\/wp-content\/uploads\/2025\/01\/AdobeStock_922078075-Moyenne.jpeg","articleSection":["Indices et valeurs"],"inLanguage":"fr-FR","potentialAction":[{"@type":"CommentAction","name":"Comment","target":["https:\/\/eloya.be\/fr\/cout-du-travail-dun-installateur-electricien-artisan\/#respond"]}]},{"@type":"WebPage","@id":"https:\/\/eloya.be\/fr\/cout-du-travail-dun-installateur-electricien-artisan\/","url":"https:\/\/eloya.be\/fr\/cout-du-travail-dun-installateur-electricien-artisan\/","name":"Cout du travail d'un installateur \u00e9lectricien (artisan) - ELOYA","isPartOf":{"@id":"https:\/\/eloya.be\/fr\/#website"},"primaryImageOfPage":{"@id":"https:\/\/eloya.be\/fr\/cout-du-travail-dun-installateur-electricien-artisan\/#primaryimage"},"image":{"@id":"https:\/\/eloya.be\/fr\/cout-du-travail-dun-installateur-electricien-artisan\/#primaryimage"},"thumbnailUrl":"https:\/\/eloya.be\/wp-content\/uploads\/2025\/01\/AdobeStock_922078075-Moyenne.jpeg","datePublished":"2026-07-06T10:32:00+00:00","dateModified":"2026-07-06T19:27:36+00:00","breadcrumb":{"@id":"https:\/\/eloya.be\/fr\/cout-du-travail-dun-installateur-electricien-artisan\/#breadcrumb"},"inLanguage":"fr-FR","potentialAction":[{"@type":"ReadAction","target":["https:\/\/eloya.be\/fr\/cout-du-travail-dun-installateur-electricien-artisan\/"]}]},{"@type":"ImageObject","inLanguage":"fr-FR","@id":"https:\/\/eloya.be\/fr\/cout-du-travail-dun-installateur-electricien-artisan\/#primaryimage","url":"https:\/\/eloya.be\/wp-content\/uploads\/2025\/01\/AdobeStock_922078075-Moyenne.jpeg","contentUrl":"https:\/\/eloya.be\/wp-content\/uploads\/2025\/01\/AdobeStock_922078075-Moyenne.jpeg","width":640,"height":359,"caption":"indexation de salaires"},{"@type":"BreadcrumbList","@id":"https:\/\/eloya.be\/fr\/cout-du-travail-dun-installateur-electricien-artisan\/#breadcrumb","itemListElement":[{"@type":"ListItem","position":1,"name":"Home","item":"https:\/\/eloya.be\/fr\/"},{"@type":"ListItem","position":2,"name":"Cout du travail d&#8217;un installateur \u00e9lectricien (artisan)"}]},{"@type":"WebSite","@id":"https:\/\/eloya.be\/fr\/#website","url":"https:\/\/eloya.be\/fr\/","name":"ELOYA","description":"Unie van Elektriciens","publisher":{"@id":"https:\/\/eloya.be\/fr\/#organization"},"potentialAction":[{"@type":"SearchAction","target":{"@type":"EntryPoint","urlTemplate":"https:\/\/eloya.be\/fr\/?s={search_term_string}"},"query-input":{"@type":"PropertyValueSpecification","valueRequired":true,"valueName":"search_term_string"}}],"inLanguage":"fr-FR"},{"@type":"Organization","@id":"https:\/\/eloya.be\/fr\/#organization","name":"ELOYA","url":"https:\/\/eloya.be\/fr\/","logo":{"@type":"ImageObject","inLanguage":"fr-FR","@id":"https:\/\/eloya.be\/fr\/#\/schema\/logo\/image\/","url":"https:\/\/eloya.be\/wp-content\/uploads\/2023\/11\/logo-eloya.png","contentUrl":"https:\/\/eloya.be\/wp-content\/uploads\/2023\/11\/logo-eloya.png","width":2315,"height":837,"caption":"ELOYA"},"image":{"@id":"https:\/\/eloya.be\/fr\/#\/schema\/logo\/image\/"},"sameAs":["https:\/\/www.facebook.com\/eloyabelgium\/","https:\/\/www.instagram.com\/eloyabelgium\/","https:\/\/www.linkedin.com\/company\/eloya-belgium\/?originalSubdomain=be"]},{"@type":"Person","@id":"https:\/\/eloya.be\/fr\/#\/schema\/person\/f5811d9570fe734586c19be3eb6df55c","name":"Mouloud Doudou","image":{"@type":"ImageObject","inLanguage":"fr-FR","@id":"https:\/\/secure.gravatar.com\/avatar\/4038806b1da21fa075faac0d72a9a62c4622bb8414767db789ab4a1fffe73c19?s=96&d=mm&r=g","url":"https:\/\/secure.gravatar.com\/avatar\/4038806b1da21fa075faac0d72a9a62c4622bb8414767db789ab4a1fffe73c19?s=96&d=mm&r=g","contentUrl":"https:\/\/secure.gravatar.com\/avatar\/4038806b1da21fa075faac0d72a9a62c4622bb8414767db789ab4a1fffe73c19?s=96&d=mm&r=g","caption":"Mouloud Doudou"},"sameAs":["https:\/\/eloya.be"]}]}},"_links":{"self":[{"href":"https:\/\/eloya.be\/fr\/wp-json\/wp\/v2\/posts\/13683","targetHints":{"allow":["GET"]}}],"collection":[{"href":"https:\/\/eloya.be\/fr\/wp-json\/wp\/v2\/posts"}],"about":[{"href":"https:\/\/eloya.be\/fr\/wp-json\/wp\/v2\/types\/post"}],"author":[{"embeddable":true,"href":"https:\/\/eloya.be\/fr\/wp-json\/wp\/v2\/users\/43"}],"replies":[{"embeddable":true,"href":"https:\/\/eloya.be\/fr\/wp-json\/wp\/v2\/comments?post=13683"}],"version-history":[{"count":5,"href":"https:\/\/eloya.be\/fr\/wp-json\/wp\/v2\/posts\/13683\/revisions"}],"predecessor-version":[{"id":15979,"href":"https:\/\/eloya.be\/fr\/wp-json\/wp\/v2\/posts\/13683\/revisions\/15979"}],"wp:featuredmedia":[{"embeddable":true,"href":"https:\/\/eloya.be\/fr\/wp-json\/wp\/v2\/media\/11893"}],"wp:attachment":[{"href":"https:\/\/eloya.be\/fr\/wp-json\/wp\/v2\/media?parent=13683"}],"wp:term":[{"taxonomy":"category","embeddable":true,"href":"https:\/\/eloya.be\/fr\/wp-json\/wp\/v2\/categories?post=13683"},{"taxonomy":"post_tag","embeddable":true,"href":"https:\/\/eloya.be\/fr\/wp-json\/wp\/v2\/tags?post=13683"}],"curies":[{"name":"wp","href":"https:\/\/api.w.org\/{rel}","templated":true}]}}